{"id":292,"date":"2019-10-12T10:06:36","date_gmt":"2019-10-12T08:06:36","guid":{"rendered":"http:\/\/www.gaddvikostra.se\/?p=292"},"modified":"2019-10-12T10:06:36","modified_gmt":"2019-10-12T08:06:36","slug":"staddagar-hosten-2019","status":"publish","type":"post","link":"http:\/\/www.gaddvikostra.se\/?p=292","title":{"rendered":"St\u00e4ddagar h\u00f6sten 2019"},"content":{"rendered":"\n<p>Styrelsen v\u00e4lkomnar till f\u00f6ljande st\u00e4ddagar h\u00f6sten 2019:<\/p>\n\n\n\n<ul><li>L\u00f6rdagen 19 oktober kl 10:00-15:00<\/li><\/ul>\n\n\n\n<p>Borttagning av sly och skr\u00e4p runt och p\u00e5 \u00e4ngen l\u00e4ngs infarten G\u00e4ddvik Sandarna. Utplacering av sn\u00f6pinnar l\u00e4ngs v\u00e4garna GA:8 och GA:9. Samling vid v\u00e4gens delning intill \u00e4ngen mitt i omr\u00e5det G\u00e4ddvik Sandarna.<\/p>\n\n\n\n<ul><li>L\u00f6rdagen 23 november kl 10:00-15:00<\/li><\/ul>\n\n\n\n<p>Borttagning av sly och skr\u00e4p p\u00e5 L\u00e5ngholmen och vid Olles h\u00e5l (servitutsomr\u00e5det f\u00f6r S:5).<\/p>\n\n\n\n<p>Samling vid v\u00e4ndplanen mellan L\u00e5ngholmen och Olles h\u00e5l.<\/p>\n\n\n\n<p>F\u00f6reningens samtliga medlemmar \u00e4r givetvis v\u00e4lkomna att delta \u00e4ven om man inte ing\u00e5r i just n\u00e5gon av de n\u00e4mnda gemensamhetsanl\u00e4ggningar som \u00e4r inplanerade till h\u00f6stens st\u00e4ddagar. Tag som vanligt g\u00e4rna med egna redskap s\u00e5som r\u00f6js\u00e5g, yxa, kratta, skottk\u00e4rra etc.<\/p>\n\n\n\n<p>Vi ser fram emot fina h\u00f6stdagar i G\u00e4ddvik.<\/p>\n\n\n\n<p>Med v\u00e4nliga h\u00e4lsningar<\/p>\n\n\n\n<p>Styrelsen G\u00e4ddvik \u00d6stra<\/p>\n","protected":false},"excerpt":{"rendered":"<p>Styrelsen v\u00e4lkomnar till f\u00f6ljande st\u00e4ddagar h\u00f6sten 2019: L\u00f6rdagen 19 oktober kl 10:00-15:00 Borttagning av sly och skr\u00e4p runt och p\u00e5 \u00e4ngen l\u00e4ngs infarten G\u00e4ddvik Sandarna. Utplacering av sn\u00f6pinnar l\u00e4ngs v\u00e4garna GA:8 och GA:9. Samling vid v\u00e4gens delning intill \u00e4ngen mitt i omr\u00e5det G\u00e4ddvik Sandarna. L\u00f6rdagen 23 november kl 10:00-15:00 Borttagning av sly och skr\u00e4p p\u00e5 &hellip; <a href=\"http:\/\/www.gaddvikostra.se\/?p=292\" class=\"more-link\">Forts\u00e4tt l\u00e4sa <span class=\"screen-reader-text\">St\u00e4ddagar h\u00f6sten 2019<\/span> <span class=\"meta-nav\">&rarr;<\/span><\/a><\/p>\n","protected":false},"author":1,"featured_media":0,"comment_status":"open","ping_status":"open","sticky":false,"template":"","format":"standard","meta":{"footnotes":""},"categories":[1],"tags":[],"_links":{"self":[{"href":"http:\/\/www.gaddvikostra.se\/index.php?rest_route=\/wp\/v2\/posts\/292"}],"collection":[{"href":"http:\/\/www.gaddvikostra.se\/index.php?rest_route=\/wp\/v2\/posts"}],"about":[{"href":"http:\/\/www.gaddvikostra.se\/index.php?rest_route=\/wp\/v2\/types\/post"}],"author":[{"embeddable":true,"href":"http:\/\/www.gaddvikostra.se\/index.php?rest_route=\/wp\/v2\/users\/1"}],"replies":[{"embeddable":true,"href":"http:\/\/www.gaddvikostra.se\/index.php?rest_route=%2Fwp%2Fv2%2Fcomments&post=292"}],"version-history":[{"count":1,"href":"http:\/\/www.gaddvikostra.se\/index.php?rest_route=\/wp\/v2\/posts\/292\/revisions"}],"predecessor-version":[{"id":293,"href":"http:\/\/www.gaddvikostra.se\/index.php?rest_route=\/wp\/v2\/posts\/292\/revisions\/293"}],"wp:attachment":[{"href":"http:\/\/www.gaddvikostra.se\/index.php?rest_route=%2Fwp%2Fv2%2Fmedia&parent=292"}],"wp:term":[{"taxonomy":"category","embeddable":true,"href":"http:\/\/www.gaddvikostra.se\/index.php?rest_route=%2Fwp%2Fv2%2Fcategories&post=292"},{"taxonomy":"post_tag","embeddable":true,"href":"http:\/\/www.gaddvikostra.se\/index.php?rest_route=%2Fwp%2Fv2%2Ftags&post=292"}],"curies":[{"name":"wp","href":"https:\/\/api.w.org\/{rel}","templated":true}]}}