{"id":269,"date":"2019-03-06T23:04:35","date_gmt":"2019-03-06T22:04:35","guid":{"rendered":"http:\/\/www.gaddvikostra.se\/?p=269"},"modified":"2019-03-06T23:04:35","modified_gmt":"2019-03-06T22:04:35","slug":"staddagar-varen-2019","status":"publish","type":"post","link":"http:\/\/www.gaddvikostra.se\/?p=269","title":{"rendered":"St\u00e4ddagar v\u00e5ren 2019"},"content":{"rendered":"<p style=\"font-weight: 400;\">Styrelsen v\u00e4lkomnar till f\u00f6ljande st\u00e4ddagar v\u00e5ren 2019:<\/p>\n<p style=\"font-weight: 400;\">&#8211;\u00a0\u00a0\u00a0\u00a0\u00a0\u00a0\u00a0\u00a0\u00a0\u00a0L\u00f6rdagen 23 mars kl 10:00-15:00<\/p>\n<p style=\"font-weight: 400;\">&#8211;\u00a0\u00a0\u00a0\u00a0\u00a0\u00a0\u00a0\u00a0\u00a0\u00a0L\u00f6rdagen 27 april kl 10:00-15:00<\/p>\n<p style=\"font-weight: 400;\">V\u00e5rens tv\u00e5 st\u00e4ddagar har samma m\u00e5l och syfte:<\/p>\n<p style=\"font-weight: 400;\">Borttagning av sly och skr\u00e4p l\u00e4ngs omr\u00e5dets v\u00e4gar (GA:8, GA:9) samt p\u00e5 servitutsomr\u00e5det (S:5) och naturomr\u00e5det (GA:12).<\/p>\n<p style=\"font-weight: 400;\">Vidare genomf\u00f6rs insamling av v\u00e4garnas sn\u00f6pinnar samt inspektion av bryggor (GA:10) och sj\u00f6bodar (GA:11) vid n\u00e5gon av st\u00e4ddagarna.<\/p>\n<p style=\"font-weight: 400;\">Samlingsplats f\u00f6r b\u00e5da st\u00e4ddagarna: V\u00e4gdelningen p\u00e5 G\u00e4ddvik Sandarnas lokala v\u00e4g (dvs stora v\u00e4gplanen mitt i omr\u00e5det intill \u00e4ngen)<\/p>\n<p style=\"font-weight: 400;\">Tag som vanligt g\u00e4rna med egna redskap s\u00e5som r\u00f6js\u00e5g, yxa, kratta, skottk\u00e4rra etc.<\/p>\n<p style=\"font-weight: 400;\">Vi ser fram emot fina v\u00e5rdagar i G\u00e4ddvik.<\/p>\n","protected":false},"excerpt":{"rendered":"<p>Styrelsen v\u00e4lkomnar till f\u00f6ljande st\u00e4ddagar v\u00e5ren 2019: &#8211;\u00a0\u00a0\u00a0\u00a0\u00a0\u00a0\u00a0\u00a0\u00a0\u00a0L\u00f6rdagen 23 mars kl 10:00-15:00 &#8211;\u00a0\u00a0\u00a0\u00a0\u00a0\u00a0\u00a0\u00a0\u00a0\u00a0L\u00f6rdagen 27 april kl 10:00-15:00 V\u00e5rens tv\u00e5 st\u00e4ddagar har samma m\u00e5l och syfte: Borttagning av sly och skr\u00e4p l\u00e4ngs omr\u00e5dets v\u00e4gar (GA:8, GA:9) samt p\u00e5 servitutsomr\u00e5det (S:5) och naturomr\u00e5det (GA:12). Vidare genomf\u00f6rs insamling av v\u00e4garnas sn\u00f6pinnar samt inspektion av bryggor (GA:10) och sj\u00f6bodar &hellip; <a href=\"http:\/\/www.gaddvikostra.se\/?p=269\" class=\"more-link\">Forts\u00e4tt l\u00e4sa <span class=\"screen-reader-text\">St\u00e4ddagar v\u00e5ren 2019<\/span> <span class=\"meta-nav\">&rarr;<\/span><\/a><\/p>\n","protected":false},"author":1,"featured_media":0,"comment_status":"open","ping_status":"open","sticky":false,"template":"","format":"standard","meta":{"footnotes":""},"categories":[1],"tags":[],"_links":{"self":[{"href":"http:\/\/www.gaddvikostra.se\/index.php?rest_route=\/wp\/v2\/posts\/269"}],"collection":[{"href":"http:\/\/www.gaddvikostra.se\/index.php?rest_route=\/wp\/v2\/posts"}],"about":[{"href":"http:\/\/www.gaddvikostra.se\/index.php?rest_route=\/wp\/v2\/types\/post"}],"author":[{"embeddable":true,"href":"http:\/\/www.gaddvikostra.se\/index.php?rest_route=\/wp\/v2\/users\/1"}],"replies":[{"embeddable":true,"href":"http:\/\/www.gaddvikostra.se\/index.php?rest_route=%2Fwp%2Fv2%2Fcomments&post=269"}],"version-history":[{"count":1,"href":"http:\/\/www.gaddvikostra.se\/index.php?rest_route=\/wp\/v2\/posts\/269\/revisions"}],"predecessor-version":[{"id":270,"href":"http:\/\/www.gaddvikostra.se\/index.php?rest_route=\/wp\/v2\/posts\/269\/revisions\/270"}],"wp:attachment":[{"href":"http:\/\/www.gaddvikostra.se\/index.php?rest_route=%2Fwp%2Fv2%2Fmedia&parent=269"}],"wp:term":[{"taxonomy":"category","embeddable":true,"href":"http:\/\/www.gaddvikostra.se\/index.php?rest_route=%2Fwp%2Fv2%2Fcategories&post=269"},{"taxonomy":"post_tag","embeddable":true,"href":"http:\/\/www.gaddvikostra.se\/index.php?rest_route=%2Fwp%2Fv2%2Ftags&post=269"}],"curies":[{"name":"wp","href":"https:\/\/api.w.org\/{rel}","templated":true}]}}